[{"@context":"https:\/\/schema.org\/","@type":"Article","@id":"https:\/\/johur.cz\/caj-s-vitaminem-c\/#Article","mainEntityOfPage":"https:\/\/johur.cz\/caj-s-vitaminem-c\/","headline":"\u010caj s vitam\u00ednem C","name":"\u010caj s vitam\u00ednem C","description":"\u010caje m\u00e1m r\u00e1da opravdu hodn\u011b a jsem takov\u00fd ten typick\u00fd \u010dajov\u00fd typ. Mus\u00edm uznat, \u017ee kdy\u017e jsem v\u017edycky pila k\u00e1vu, tak jsem si \u0159\u00edkala, \u017ee u\u017e se opravdu t\u011b\u0161\u00edm, a\u017e si zase ochutn\u00e1m sv\u016fj bylinkov\u00fd \u010daj. J\u00e1 jsem toti\u017e na bylinkov\u00e9 \u010daje. Samoz\u0159ejm\u011b, \u017ee jsem kolikr\u00e1t zkou\u0161ela tak\u00e9 ovocn\u00e9 \u010daje, ale \u0159eknu v\u00e1m, \u017ee ty ovocn\u00e9 \u010daje mi n\u011bjak moc &hellip; ","datePublished":"2026-01-03","dateModified":"2026-01-03","author":{"@type":"Person","@id":"https:\/\/johur.cz\/author\/#Person","name":"","url":"https:\/\/johur.cz\/author\/","identifier":1,"image":{"@type":"ImageObject","@id":"https:\/\/secure.gravatar.com\/avatar\/29b4b7cf61bc7f4a3cff4e7146cbe3cb?s=96&d=mm&r=g","url":"https:\/\/secure.gravatar.com\/avatar\/29b4b7cf61bc7f4a3cff4e7146cbe3cb?s=96&d=mm&r=g","height":96,"width":96}},"publisher":{"@type":"Organization","name":"johur.cz","logo":{"@type":"ImageObject","@id":"\/logo.png","url":"\/logo.png","width":600,"height":60}},"image":{"@type":"ImageObject","@id":"https:\/\/johur.cz\/wp-content\/uploads\/%C4%8Daj_10_10_10_8.jpg","url":"https:\/\/johur.cz\/wp-content\/uploads\/%C4%8Daj_10_10_10_8.jpg","height":0,"width":0},"url":"https:\/\/johur.cz\/caj-s-vitaminem-c\/","about":["Produkty"],"wordCount":461,"articleBody":"         \u010caje m\u00e1m r\u00e1da opravdu hodn\u011b a jsem takov\u00fd ten typick\u00fd \u010dajov\u00fd typ. Mus\u00edm uznat, \u017ee kdy\u017e jsem v\u017edycky pila k\u00e1vu, tak jsem si \u0159\u00edkala, \u017ee u\u017e se opravdu t\u011b\u0161\u00edm, a\u017e si zase ochutn\u00e1m sv\u016fj bylinkov\u00fd \u010daj. J\u00e1 jsem toti\u017e na bylinkov\u00e9 \u010daje. Samoz\u0159ejm\u011b, \u017ee jsem kolikr\u00e1t zkou\u0161ela tak\u00e9 ovocn\u00e9 \u010daje, ale \u0159eknu v\u00e1m, \u017ee ty ovocn\u00e9 \u010daje mi n\u011bjak moc neu\u010darovaly, tak jsem si \u0159ekla, \u017ee bude lep\u0161\u00ed, kdy\u017e vlastn\u011b budu p\u00edt to, co mi chutn\u00e1. A tak\u00e9 n\u011bkdy jsem pila \u00fapln\u011b ho\u0159k\u00fd bylinkov\u00fd \u010daj, proto\u017ee ho\u0159k\u00e9 \u010daje mi chutnaj\u00ed, proto\u017ee si aspo\u0148 ochutn\u00e1m tu chu\u0165 ho\u0159k\u00e9ho \u010daje, proto\u017ee kdy\u017e do toho d\u00e1te cukr, tak vlastn\u011b vy to tak tro\u0161ku zni\u010d\u00edte.Ten \u010daj nebude u\u017e takov\u00fd, jak\u00fd m\u00e1 b\u00fdt, t\u0159eba kdy\u017e si koup\u00edte i broskvov\u00fd s jasm\u00ednem a podobn\u011b. Proto\u017ee broskvov\u00e9 \u010daje jsem tak\u00e9 m\u011bla a mus\u00edm uznat, \u017ee jsou velice chutn\u00e9. Tak\u00e9 jsem zkou\u0161ela takov\u00e9 ty typick\u00e9 aromatick\u00e9 \u010daje, jako je rooibos a tak d\u00e1le. Vy si samoz\u0159ejm\u011b m\u016f\u017eete vybrat takov\u00fd \u010daj, kter\u00fd budete pot\u0159ebovat nebo na kter\u00fd jste zvykl\u00ed. Tak\u00e9 si samoz\u0159ejm\u011b m\u016f\u017eete vybrat klasick\u00fd s\u00e1\u010dkov\u00fd \u010daj nebo tak\u00e9 sypan\u00fd \u010daj. J\u00e1 mus\u00edm uznat, \u017ee nejrad\u011bji m\u00e1m pr\u00e1v\u011b sypan\u00e9 \u010daje. Tak\u00e9 jsem od kamar\u00e1dky k narozenin\u00e1m dostala takov\u00e9 kr\u00e1sn\u00e9 origin\u00e1ln\u00ed s\u00edtko, kter\u00e9 mi dovezla a\u017e ze zahrani\u010d\u00ed.Proto jsem si \u0159ekla, \u017ee kdy\u017e m\u00e1m \u00fapln\u011b nov\u00e9 stylov\u00e9 s\u00edtko, \u017ee si koup\u00edm tak\u00e9 r\u016fzn\u00e9 sypan\u00e9 \u010daje a sv\u011bte div se. Ono je to vlastn\u011b super. M\u011b to tak\u00e9 bav\u00ed. P\u0159\u00edprava \u010daje je alespo\u0148 z\u00e1bavn\u00e1, ale abych je\u0161t\u011b p\u0159ipomn\u011bla chu\u0165 \u010daj\u016f, tak si ned\u00e1v\u00e1m nikdy cukr, ale kdy\u017e chci sladk\u00fd cukr nebo mi klesne cukr v t\u011ble, tak si tam d\u00e1m t\u0159eba velikou l\u017e\u00edci medu. Med m\u00e1me dom\u00e1c\u00ed od m\u00e9ho bratra, tak\u017ee jsem si \u0159ekla, \u017ee vlastn\u011b d\u011bl\u00e1m pro sv\u00e9 zdrav\u00ed opravdu maximum a potom si tam n\u011bkdy tak\u00e9 d\u00e1m citron. A to hlavn\u011b, pokud jsem nachlazen\u00e1 nebo nemocn\u00e1. A nebo pokud pot\u0159ebuji n\u011bjakou vzpruhu. Ono je vlastn\u011b nejlep\u0161\u00ed, kdy\u017e si d\u00e1te r\u00e1no \u0161\u00e1lek n\u011bjak\u00e9ho bylinkov\u00e9ho \u010daje, do toho d\u00e1te l\u017e\u00edci medu a potom tak\u00e9 vyma\u010dk\u00e1te aspo\u0148 tro\u0161ku citronu, to v\u00e1s nastartuje opravdu kr\u00e1sn\u011b. Do nov\u00e9ho dne. \u010caj ze \u0161\u00edpk\u016f je m\u00edrn\u011b nakysl\u00fd, ale zase je protiz\u00e1n\u011btliv\u00fd. Nav\u00edc \u010daj ze \u0161\u00edpk\u016f obsahuje opravdu mnoho vitam\u00ednu C.                                                                                                                                                                                                                                                                                                                                                                                                   "},{"@context":"https:\/\/schema.org\/","@type":"BreadcrumbList","itemListElement":[{"@type":"ListItem","position":1,"name":"\u010caj s vitam\u00ednem C","item":"https:\/\/johur.cz\/caj-s-vitaminem-c\/#breadcrumbitem"}]}]