[{"@context":"https:\/\/schema.org\/","@type":"Article","@id":"https:\/\/johur.cz\/dovolena-s-destem\/#Article","mainEntityOfPage":"https:\/\/johur.cz\/dovolena-s-destem\/","headline":"Dovolen\u00e1 s de\u0161t\u011bm","name":"Dovolen\u00e1 s de\u0161t\u011bm","description":"Vysn\u011bn\u00e1 dovolen\u00e1 U\u017e tak\u00e9 p\u0159em\u00fd\u0161l\u00edte kam pojedete? Kdy\u017e se pomalu za okny vzdaluje zima. P\u0159ich\u00e1z\u00ed mi kr\u00e1sn\u00e9 my\u0161lenky na dovolenou. Pojedeme letos k mo\u0159i? Vyu\u017eijeme nab\u00eddku dobrodru\u017en\u00e9 v\u00fdpravy na hory. P\u0159izveme k dovolen\u00e9 \u0161ir\u0161\u00ed rodinu a nebo p\u0159\u00e1tel\u00e9? Jak to m\u00e1te vy? Na\u0161e zku\u0161enost s dovolenou s mal\u00fdmi d\u011btmi V\u00e1m mohu vypr\u00e1v\u011bt. Odj\u00ed\u017ed\u011blo se v sobotu bylo parno konec \u010dervence. &hellip; ","datePublished":"2021-11-17","dateModified":"2021-11-17","author":{"@type":"Person","@id":"https:\/\/johur.cz\/author\/#Person","name":"","url":"https:\/\/johur.cz\/author\/","identifier":1,"image":{"@type":"ImageObject","@id":"https:\/\/secure.gravatar.com\/avatar\/29b4b7cf61bc7f4a3cff4e7146cbe3cb?s=96&d=mm&r=g","url":"https:\/\/secure.gravatar.com\/avatar\/29b4b7cf61bc7f4a3cff4e7146cbe3cb?s=96&d=mm&r=g","height":96,"width":96}},"publisher":{"@type":"Organization","name":"johur.cz","logo":{"@type":"ImageObject","@id":"\/logo.png","url":"\/logo.png","width":600,"height":60}},"image":{"@type":"ImageObject","@id":"https:\/\/johur.cz\/wp-content\/uploads\/machu-picchu%20ruiny.jpg","url":"https:\/\/johur.cz\/wp-content\/uploads\/machu-picchu%20ruiny.jpg","height":0,"width":0},"url":"https:\/\/johur.cz\/dovolena-s-destem\/","about":["Dovolen\u00e1"],"wordCount":409,"articleBody":"Vysn\u011bn\u00e1 dovolen\u00e1U\u017e tak\u00e9 p\u0159em\u00fd\u0161l\u00edte kam pojedete? Kdy\u017e se pomalu za okny vzdaluje zima. P\u0159ich\u00e1z\u00ed mi kr\u00e1sn\u00e9 my\u0161lenky na dovolenou. Pojedeme letos k mo\u0159i? Vyu\u017eijeme nab\u00eddku dobrodru\u017en\u00e9 v\u00fdpravy na hory. P\u0159izveme k dovolen\u00e9 \u0161ir\u0161\u00ed rodinu a nebo p\u0159\u00e1tel\u00e9? Jak to m\u00e1te vy? Na\u0161e zku\u0161enost s dovolenou s mal\u00fdmi d\u011btmi V\u00e1m mohu vypr\u00e1v\u011bt. Odj\u00ed\u017ed\u011blo se v sobotu bylo parno konec \u010dervence. T\u011b\u0161ila jsem se jako mal\u00e1 holka. Vyr\u00e1\u017eeli jsme s rodinou na plavbu po Berounce. S n\u00e1mi jela sestra, druh\u00e1 sestra s man\u017eelem a psem. No a babi\u010dka s d\u011bde\u010dkem.\u00a0Ve smluven\u00fd \u010das jsme se se\u0161li v kempu. Za\u010dalo to romanticky, ve\u010der posezen\u00ed u t\u00e1bor\u00e1ku s kytarou. Druh\u00fd den se vyplulo na \u0159eku. D\u011bti byly moc hodn\u00e9. Man\u017eel si vychvaloval v\u00fdb\u011br nov\u00e9ho vybaven\u00ed na vodu. J\u00e1 jsem jen ti\u0161e doufala, \u017ee nebude pr\u0161et. D\u011bti si u\u017e\u00edvaly vody, d\u011blaly jsme pravideln\u00e9 zast\u00e1vky v kempech. Ve\u010der jsme \u0161li do vyhl\u00e1\u0161en\u00e9 restaurace na grilovan\u00e9 pstruhy.\u00a0Druh\u00fd den, to v\u0161echno p\u0159i\u0161lo. V\u00edte jak to je kdy\u017e na to mysl\u00edte ono \u00a0se to opravdu stane. Dopoledne bylo opravdu parno, d\u011bti u\u017e byly na lo\u010fce unaven\u00e9, babi\u010dka vym\u00fd\u0161lela prvn\u00ed posledn\u00ed, aby vnou\u010d\u00e1tka zabavila. Je\u0161t\u011b po\u0159\u00e1d to \u0161lo, ale odpoledne za\u010dalo pr\u0161et.\u00a0Za n\u011bkolik hodin plavby, m\u011bli d\u011bti v\u0161e mokr\u00e9 a plakaly, \u017ee u\u017e cht\u011bj\u00ed do sv\u00e9 post\u00fdlky. Uklid\u0148ovaly jsme je s man\u017eelem, aby vydr\u017eely, \u017ee u\u017e budeme stav\u011bt stan a bude l\u00e9pe.\u00a0D\u011bti, vydr\u017eely a bohu\u017eel s nimi vydr\u017eelo i po\u010das\u00ed. Bylo zamra\u010deno snad nejd\u00e9le za cel\u00fd \u010dervenec v historii nov\u00e9ho tis\u00edcilet\u00ed. Pro\u010d V\u00e1m to p\u00ed\u0161i? No, proto aby jste si dali velk\u00fd pozor na sv\u00e9 my\u0161lenky a p\u0159\u00e1n\u00ed. J\u00e1 si nev\u011bdomky p\u0159ivolala velk\u00fd d\u00e9\u0161\u0165. P\u0159itom by sta\u010dilo, kdybych opravdu v\u011b\u0159ila, \u017ee bude slune\u010dno.\u00a0Letos u\u017e pl\u00e1nuji dovolenou pro jistotu na chalupu k p\u0159\u00e1tel\u016fm. Proto\u017ee nikdy nev\u00edte jak\u00e9 po\u010das\u00ed na va\u0161i dovolenou p\u0159ijde. A kdy\u017e pr\u0161\u00ed na vod\u011b je to opravdu n\u00e1ro\u010dn\u00e9.\u00a0                                                                                                                                                                                                                                                                                                                                                                                                "},{"@context":"https:\/\/schema.org\/","@type":"BreadcrumbList","itemListElement":[{"@type":"ListItem","position":1,"name":"Dovolen\u00e1 s de\u0161t\u011bm","item":"https:\/\/johur.cz\/dovolena-s-destem\/#breadcrumbitem"}]}]