[{"@context":"https:\/\/schema.org\/","@type":"Article","@id":"https:\/\/johur.cz\/jdeme-s-dobou-vy-pojdte-taky\/#Article","mainEntityOfPage":"https:\/\/johur.cz\/jdeme-s-dobou-vy-pojdte-taky\/","headline":"Jdeme s dobou, Vy poj\u010fte taky","name":"Jdeme s dobou, Vy poj\u010fte taky","description":"Ur\u010dit\u011b i Vy ve sv\u00e9m okol\u00ed od sv\u00fdch p\u0159\u00e1tel, zn\u00e1m\u00fdch i rodiny sl\u00fdch\u00e1te, jak jsou produkty jak\u00e9hokoli druhu u n\u00e1s nekvalitn\u00ed a \u017ee jezd\u00ed nakupovat do zahrani\u010d\u00ed, kde nakoup\u00ed jen sam\u00e9 skv\u011bl\u00e9 a \u00fa\u010dinn\u00e9 p\u0159\u00edpravky. Ano ur\u010dit\u011b maj\u00ed v mnoha v\u011bcech pravdu, o \u010dem\u017e V\u00e1s m\u016f\u017eeme p\u0159esv\u011bd\u010dit i my. Nap\u0159\u00edklad drogerie z N\u011bmecka p\u0159ed\u010d\u00ed v\u0161echna Va\u0161e o\u010dek\u00e1v\u00e1n\u00ed a ned\u00e1 V\u00e1m &hellip; ","datePublished":"2025-03-18","dateModified":"2025-03-18","author":{"@type":"Person","@id":"https:\/\/johur.cz\/author\/#Person","name":"","url":"https:\/\/johur.cz\/author\/","identifier":1,"image":{"@type":"ImageObject","@id":"https:\/\/secure.gravatar.com\/avatar\/29b4b7cf61bc7f4a3cff4e7146cbe3cb?s=96&d=mm&r=g","url":"https:\/\/secure.gravatar.com\/avatar\/29b4b7cf61bc7f4a3cff4e7146cbe3cb?s=96&d=mm&r=g","height":96,"width":96}},"publisher":{"@type":"Organization","name":"johur.cz","logo":{"@type":"ImageObject","@id":"\/logo.png","url":"\/logo.png","width":600,"height":60}},"url":"https:\/\/johur.cz\/jdeme-s-dobou-vy-pojdte-taky\/","wordCount":182,"articleBody":"Ur\u010dit\u011b i Vy ve sv\u00e9m okol\u00ed od sv\u00fdch p\u0159\u00e1tel, zn\u00e1m\u00fdch i rodiny sl\u00fdch\u00e1te, jak jsou produkty jak\u00e9hokoli druhu u n\u00e1s nekvalitn\u00ed a \u017ee jezd\u00ed nakupovat do zahrani\u010d\u00ed, kde nakoup\u00ed jen sam\u00e9 skv\u011bl\u00e9 a \u00fa\u010dinn\u00e9 p\u0159\u00edpravky. Ano ur\u010dit\u011b maj\u00ed v mnoha v\u011bcech pravdu, o \u010dem\u017e V\u00e1s m\u016f\u017eeme p\u0159esv\u011bd\u010dit i my. Nap\u0159\u00edklad drogerie z N\u011bmecka p\u0159ed\u010d\u00ed v\u0161echna Va\u0161e o\u010dek\u00e1v\u00e1n\u00ed a ned\u00e1 V\u00e1m jinak ne\u017e ji doporu\u010dovat d\u00e1le. Jsme tu pro ty, kte\u0159\u00ed n\u00e1s pot\u0159ebuj\u00ed Ka\u017ed\u00fd druh\u00fd ob\u010dan se jist\u011b setkal se \u0161p\u00ednou a nepo\u0159\u00e1dkem, kter\u00fd ne\u0161el \u017e\u00e1dn\u00fdm zp\u016fsobem odstranit. Zkusili jste v\u0161echno, ale ta nevzhledn\u00e1 skvrna na koberci zkr\u00e1tka p\u0159e\u017eije v\u0161e. T\u011bmto dn\u016fm by ale mohlo odzvonit, pokud se obr\u00e1t\u00edte na n\u00e1s a nech\u00e1te si doporu\u010dit na\u0161e kvalitn\u00ed prost\u0159edky, kter\u00e9 odstran\u00ed v\u0161e, co V\u00e1s doma doposud jen roz\u010dilovalo.                                                                                                                                                                                                                                                                                                                                                                                                "},{"@context":"https:\/\/schema.org\/","@type":"BreadcrumbList","itemListElement":[{"@type":"ListItem","position":1,"name":"Jdeme s dobou, Vy poj\u010fte taky","item":"https:\/\/johur.cz\/jdeme-s-dobou-vy-pojdte-taky\/#breadcrumbitem"}]}]